{"id":108,"date":"2009-11-04T21:21:21","date_gmt":"2009-11-04T20:21:21","guid":{"rendered":"http:\/\/blog.familie-heming.de\/?p=108"},"modified":"2014-09-04T07:01:15","modified_gmt":"2014-09-04T06:01:15","slug":"gpgmail-plugin-fur-snow-leopard","status":"publish","type":"post","link":"https:\/\/blog.familie-heming.de\/?p=108","title":{"rendered":"GPGMail-Plugin f\u00fcr Snow Leopard"},"content":{"rendered":"<p>Das Upgrade auf Mac OS X 10.6 klappte zwar ziemlich gut (Spotlight hat ein wenig herumgesponnen, das L\u00f6schen und Neuaufbauen des Index hat jedoch geholfen), etwas hat mich jedoch sehr gest\u00f6rt: Das GPGMail-Plugin f\u00fcr das Apple eigene Mail-Programm funktionierte nicht mehr.<\/p>\n<p>Nach ca. einem Monat Thunderbird-Nutzung, die mich nicht so richtig \u00fcberzeugt hat (das AppleMail-Programm ist einfach nett ins System integriert) habe ich nun <a href=\"http:\/\/sourceforge.net\/mailarchive\/forum.php?thread_name=DEEEAF67-A6BB-4542-9E1F-56FB5432C4A4%40sente.ch&amp;forum_name=gpgmail-users\">hier<\/a> Version 1.2.3 des GPGMail-Plugins gefunden. Den ein oder anderen Kommentar zu Programmabst\u00fcrzen kann ich (noch?) nicht best\u00e4tigen, womit ich nun Thunderbird nun wieder aus dem Dock geschmissen habe und nur noch f\u00fcr Notf\u00e4lle als Backup aufbewahre.<\/p>\n<p>Danke Lukas Pitschl!!<\/p>\n","protected":false},"excerpt":{"rendered":"<p>Das Upgrade auf Mac OS X 10.6 klappte zwar ziemlich gut (Spotlight hat ein wenig herumgesponnen, das L\u00f6schen und Neuaufbauen des Index hat jedoch geholfen), etwas hat mich jedoch sehr gest\u00f6rt: Das GPGMail-Plugin f\u00fcr das Apple eigene Mail-Programm funktionierte nicht &hellip; <a href=\"https:\/\/blog.familie-heming.de\/?p=108\">Weiterlesen <span class=\"meta-nav\">&rarr;<\/span><\/a><\/p>\n","protected":false},"author":1,"featured_media":0,"comment_status":"closed","ping_status":"closed","sticky":false,"template":"","format":"standard","meta":[],"categories":[1],"tags":[],"_links":{"self":[{"href":"https:\/\/blog.familie-heming.de\/index.php?rest_route=\/wp\/v2\/posts\/108"}],"collection":[{"href":"https:\/\/blog.familie-heming.de\/index.php?rest_route=\/wp\/v2\/posts"}],"about":[{"href":"https:\/\/blog.familie-heming.de\/index.php?rest_route=\/wp\/v2\/types\/post"}],"author":[{"embeddable":true,"href":"https:\/\/blog.familie-heming.de\/index.php?rest_route=\/wp\/v2\/users\/1"}],"replies":[{"embeddable":true,"href":"https:\/\/blog.familie-heming.de\/index.php?rest_route=%2Fwp%2Fv2%2Fcomments&post=108"}],"version-history":[{"count":3,"href":"https:\/\/blog.familie-heming.de\/index.php?rest_route=\/wp\/v2\/posts\/108\/revisions"}],"predecessor-version":[{"id":179,"href":"https:\/\/blog.familie-heming.de\/index.php?rest_route=\/wp\/v2\/posts\/108\/revisions\/179"}],"wp:attachment":[{"href":"https:\/\/blog.familie-heming.de\/index.php?rest_route=%2Fwp%2Fv2%2Fmedia&parent=108"}],"wp:term":[{"taxonomy":"category","embeddable":true,"href":"https:\/\/blog.familie-heming.de\/index.php?rest_route=%2Fwp%2Fv2%2Fcategories&post=108"},{"taxonomy":"post_tag","embeddable":true,"href":"https:\/\/blog.familie-heming.de\/index.php?rest_route=%2Fwp%2Fv2%2Ftags&post=108"}],"curies":[{"name":"wp","href":"https:\/\/api.w.org\/{rel}","templated":true}]}}