{"id":11,"date":"2008-06-04T07:59:18","date_gmt":"2008-06-04T05:59:18","guid":{"rendered":"http:\/\/blog.familie-heming.de\/?p=11"},"modified":"2014-09-04T07:01:32","modified_gmt":"2014-09-04T06:01:32","slug":"latex-online","status":"publish","type":"post","link":"https:\/\/blog.familie-heming.de\/?p=11","title":{"rendered":"LaTeX Online"},"content":{"rendered":"<p>Habe eben\u00a0<a href=\"http:\/\/did.mat.uni-bayreuth.de\/personen\/wassermann\/fun\/tex.html\" title=\"http:\/\/did.mat.uni-bayreuth.de\/personen\/wassermann\/fun\/tex.html\">hier<\/a>\u00a0einen Online-\u00dcbersetzer f\u00fcr LaTeX-Quelltexte entdeckt. Auf den ersten Blick eine grunds\u00e4tzlich sch\u00f6ne Einrichtung. Ich habe aber so schnell noch nicht herausgefunden, welche Pakete auf dem zugrundeliegenden TeX-System installiert sind, leider gibt es n\u00e4mlich keine R\u00fcckmeldung, wenn ein Fehler im Quelltext ist. Zumindest nicht bei der Ausgabe als PDF, und das ist die einzige, die ohne weiteres bei mir im Browser (Safari) funktioniert hat.<\/p>\n","protected":false},"excerpt":{"rendered":"<p>Habe eben\u00a0hier\u00a0einen Online-\u00dcbersetzer f\u00fcr LaTeX-Quelltexte entdeckt. Auf den ersten Blick eine grunds\u00e4tzlich sch\u00f6ne Einrichtung. Ich habe aber so schnell noch nicht herausgefunden, welche Pakete auf dem zugrundeliegenden TeX-System installiert sind, leider gibt es n\u00e4mlich keine R\u00fcckmeldung, wenn ein Fehler im &hellip; <a href=\"https:\/\/blog.familie-heming.de\/?p=11\">Weiterlesen <span class=\"meta-nav\">&rarr;<\/span><\/a><\/p>\n","protected":false},"author":1,"featured_media":0,"comment_status":"closed","ping_status":"closed","sticky":false,"template":"","format":"standard","meta":[],"categories":[3],"tags":[],"_links":{"self":[{"href":"https:\/\/blog.familie-heming.de\/index.php?rest_route=\/wp\/v2\/posts\/11"}],"collection":[{"href":"https:\/\/blog.familie-heming.de\/index.php?rest_route=\/wp\/v2\/posts"}],"about":[{"href":"https:\/\/blog.familie-heming.de\/index.php?rest_route=\/wp\/v2\/types\/post"}],"author":[{"embeddable":true,"href":"https:\/\/blog.familie-heming.de\/index.php?rest_route=\/wp\/v2\/users\/1"}],"replies":[{"embeddable":true,"href":"https:\/\/blog.familie-heming.de\/index.php?rest_route=%2Fwp%2Fv2%2Fcomments&post=11"}],"version-history":[{"count":1,"href":"https:\/\/blog.familie-heming.de\/index.php?rest_route=\/wp\/v2\/posts\/11\/revisions"}],"predecessor-version":[{"id":189,"href":"https:\/\/blog.familie-heming.de\/index.php?rest_route=\/wp\/v2\/posts\/11\/revisions\/189"}],"wp:attachment":[{"href":"https:\/\/blog.familie-heming.de\/index.php?rest_route=%2Fwp%2Fv2%2Fmedia&parent=11"}],"wp:term":[{"taxonomy":"category","embeddable":true,"href":"https:\/\/blog.familie-heming.de\/index.php?rest_route=%2Fwp%2Fv2%2Fcategories&post=11"},{"taxonomy":"post_tag","embeddable":true,"href":"https:\/\/blog.familie-heming.de\/index.php?rest_route=%2Fwp%2Fv2%2Ftags&post=11"}],"curies":[{"name":"wp","href":"https:\/\/api.w.org\/{rel}","templated":true}]}}