{"id":79,"date":"2009-06-28T14:16:42","date_gmt":"2009-06-28T13:16:42","guid":{"rendered":"http:\/\/blog.familie-heming.de\/?p=79"},"modified":"2014-09-04T07:01:15","modified_gmt":"2014-09-04T06:01:15","slug":"informatische-bildung-mit-mobiltelefonen-lehrerfortbildung-am-8-august-2009","status":"publish","type":"post","link":"https:\/\/blog.familie-heming.de\/?p=79","title":{"rendered":"Informatische Bildung mit Mobiltelefonen &#8212; Lehrerfortbildung am 8. August 2009"},"content":{"rendered":"<p>An der Universit\u00e4t Wuppertal wird am Samstag, 8. August 2009, von 10 bis 16 Uhr eine Lehrerfortbildung stattfinden.<\/p>\n<p>Auf einem\u00a0<a href=\"http:\/\/blog.familie-heming.de\/wp-content\/uploads\/2009\/06\/fortbildung_aushang.pdf\">Infoblatt<\/a> sind alle notwendigen Details festgehalten. Um Anmeldung wird gebeten sp\u00e4testens 1. August 2009 unter der E-Mail-Adresse <a title=\"m.heming@uni-wuppertal.de\" href=\"mailto:m.heming@uni-wuppertal.de\">m.heming@uni-wuppertal.de<\/a>. \u00a0Bei Interesse an der Durchf\u00fchrung des Unterrichts mit Mobiltelefonen an Ihrer Schule, bitte umgehend bei mir melden, es steht ein Klassensatz entsprechender Ger\u00e4te zum Verleih zur Verf\u00fcgung.<\/p>\n<p><strong>Beschreibung aus dem Infoblatt:<\/strong><\/p>\n<p>Die technischen M\u00f6glichkeiten im Umgang mit Informatiksystemen \u00e4ndern sich fortw\u00e4hrend. Um der Allgegenw\u00e4rtigkeit von Informatiksystemen in der Realit\u00e4t und vor allem in der Lebenswirklichkeit von Sch\u00fclerinnen und Sch\u00fclern gerecht zu werden, m\u00fcssen immer wieder neue gesellschaftliche Ankn\u00fcpfungspunkte f\u00fcr den Informatikunterricht gefunden werden.<\/p>\n<p>Daher betrachtet diese Fortbildungsma\u00dfnahme den im ersten Moment ungew\u00f6hnlichen Ansatz, den Computer im Informatikunterricht g\u00e4nzlich au\u00dfer Acht zu lassen und ihn gegen Mobiltelefone auszutauschen. Anhand vorliegender Unterrichtsvorschl\u00e4ge ist das Ziel, den Informatikunterricht einer elften Klasse f\u00fcr das kommende Schuljahr 2009\/2010 nur mit Mobiltelefonen zu gestalten.<\/p>\n<p>F\u00fcr die Umsetzung von Programmieraufgaben sind Mobiltelefone mit Symbian S60 Betriebssystem erforderlich. \u00dcber die Fortbildung f\u00fcr Lehrkr\u00e4fte hinaus wird ein Satz von Mobiltelefonen f\u00fcr die Umsetzung im 11. Jahrgang mit einer Lerngruppe im Regelunterricht zur Verf\u00fcgung gestellt. Der Einsatz der Ger\u00e4te im Unterricht wird wissenschaftlich begleitet, um die Erkenntnisse eines Pilotprojektes an der Willy-Brandt-Gesamtschule Bergkamen zu erg\u00e4nzen. Es sollen so die theoretischen \u00dcberlegungen zu den ge\u00e4nderten M\u00f6glichkeiten durch die konkrete Nutzung der Mobiltelefone zur Gestaltung des Unterrichts auf eine breitere empirische Basis gestellt werden.<\/p>\n","protected":false},"excerpt":{"rendered":"<p>An der Universit\u00e4t Wuppertal wird am Samstag, 8. August 2009, von 10 bis 16 Uhr eine Lehrerfortbildung stattfinden. Auf einem\u00a0Infoblatt sind alle notwendigen Details festgehalten. Um Anmeldung wird gebeten sp\u00e4testens 1. August 2009 unter der E-Mail-Adresse m.heming@uni-wuppertal.de. \u00a0Bei Interesse an &hellip; <a href=\"https:\/\/blog.familie-heming.de\/?p=79\">Weiterlesen <span class=\"meta-nav\">&rarr;<\/span><\/a><\/p>\n","protected":false},"author":1,"featured_media":0,"comment_status":"closed","ping_status":"closed","sticky":false,"template":"","format":"standard","meta":[],"categories":[5],"tags":[],"_links":{"self":[{"href":"https:\/\/blog.familie-heming.de\/index.php?rest_route=\/wp\/v2\/posts\/79"}],"collection":[{"href":"https:\/\/blog.familie-heming.de\/index.php?rest_route=\/wp\/v2\/posts"}],"about":[{"href":"https:\/\/blog.familie-heming.de\/index.php?rest_route=\/wp\/v2\/types\/post"}],"author":[{"embeddable":true,"href":"https:\/\/blog.familie-heming.de\/index.php?rest_route=\/wp\/v2\/users\/1"}],"replies":[{"embeddable":true,"href":"https:\/\/blog.familie-heming.de\/index.php?rest_route=%2Fwp%2Fv2%2Fcomments&post=79"}],"version-history":[{"count":4,"href":"https:\/\/blog.familie-heming.de\/index.php?rest_route=\/wp\/v2\/posts\/79\/revisions"}],"predecessor-version":[{"id":84,"href":"https:\/\/blog.familie-heming.de\/index.php?rest_route=\/wp\/v2\/posts\/79\/revisions\/84"}],"wp:attachment":[{"href":"https:\/\/blog.familie-heming.de\/index.php?rest_route=%2Fwp%2Fv2%2Fmedia&parent=79"}],"wp:term":[{"taxonomy":"category","embeddable":true,"href":"https:\/\/blog.familie-heming.de\/index.php?rest_route=%2Fwp%2Fv2%2Fcategories&post=79"},{"taxonomy":"post_tag","embeddable":true,"href":"https:\/\/blog.familie-heming.de\/index.php?rest_route=%2Fwp%2Fv2%2Ftags&post=79"}],"curies":[{"name":"wp","href":"https:\/\/api.w.org\/{rel}","templated":true}]}}