{"id":93,"date":"2009-09-26T13:54:21","date_gmt":"2009-09-26T12:54:21","guid":{"rendered":"http:\/\/blog.familie-heming.de\/?p=93"},"modified":"2014-09-04T07:01:15","modified_gmt":"2014-09-04T06:01:15","slug":"mobiltelefone-auf-der-infos-2009-in-berlin","status":"publish","type":"post","link":"https:\/\/blog.familie-heming.de\/?p=93","title":{"rendered":"Mobiltelefone auf der INFOS 2009 in Berlin"},"content":{"rendered":"<div id=\"_mcePaste\" style=\"position: absolute; left: -10000px; top: 0px; width: 1px; height: 1px; overflow-x: hidden; overflow-y: hidden;\">Im Rahmen des Master of Education stand die Durchf\u00fchrung eines Forschungsprojektes in der Pr\u00fcfungsordnung. Dies erm\u00f6glichte es mir, in das Thema der Nutzung von Mobiltelefonen im Informatikunterricht etwas direkter einzusteigen. Eine erste Version meines Forschungsberichtes kommentierte mein Betreuer Herr Humbert: &#8222;Hab&#8217;s kurz \u00fcberflogen, h\u00f6rt sich gut an, reichen Sie es doch mal zur Infos2009 als Beitrag ein.&#8220; Naja, so ca. drei bis vier Tage hatte ich bis zur Deadline noch Zeit, mein m\u00fchselig zusammengestellten Text auf ungef\u00e4hr die H\u00e4lfte zu k\u00fcrzen.<\/div>\n<div id=\"_mcePaste\" style=\"position: absolute; left: -10000px; top: 0px; width: 1px; height: 1px; overflow-x: hidden; overflow-y: hidden;\">So schlecht schien ich nicht gearbeitet zu haben, denn bis auf kleine \u00c4nderungsw\u00fcnsche wurde mein Beitrag von den Gutachtern der Konferenz akzeptiert.<\/div>\n<div id=\"_mcePaste\" style=\"position: absolute; left: -10000px; top: 0px; width: 1px; height: 1px; overflow-x: hidden; overflow-y: hidden;\">Die Infos2009 ist nun vorbei, ich m\u00f6chte an dieser Stelle<\/div>\n<p>Im Rahmen des Master of Education stand die Durchf\u00fchrung eines Forschungsprojektes in der Pr\u00fcfungsordnung. Dies erm\u00f6glichte es mir, in das Thema der Nutzung von Mobiltelefonen im Informatikunterricht etwas direkter einzusteigen. Eine erste Version meines Forschungsberichtes kommentierte mein Betreuer Herr <a href=\"http:\/\/humbert.in.hagen.de\">Humbert<\/a>: &#8222;Hab&#8217;s kurz \u00fcberflogen, h\u00f6rt sich gut an, reichen Sie es doch mal zur <a href=\"http:\/\/www.infos2009.de\">Infos2009<\/a> als Beitrag ein.&#8220; Naja, so ca. drei bis vier Tage hatte ich bis zur Deadline noch Zeit, mein m\u00fchselig zusammengestellten Text auf ungef\u00e4hr die H\u00e4lfte zu k\u00fcrzen.<\/p>\n<p>So schlecht schien ich nicht gearbeitet zu haben, denn bis auf kleine \u00c4nderungsw\u00fcnsche wurde mein Beitrag von den Gutachtern der Konferenz akzeptiert.<\/p>\n<p>Die Infos2009 ist nun vorbei und m\u00f6chte an dieser Stelle die von mir erstellten Materialien zum Weiterlesen ver\u00f6ffentlichen. Dazu wird einmal der komplette <a href=\"http:\/\/blog.familie-heming.de\/wp-content\/uploads\/2009\/09\/bericht.pdf\">Forschungsbericht<\/a>, wie ich ihn an der Universit\u00e4t Wuppertal als Studienleistung verfasst habe, ebenfalls aber auch die <a href=\"http:\/\/blog.familie-heming.de\/wp-content\/uploads\/2009\/09\/berichtlni_ueberarbeitet.pdf\">Kurzfassung f\u00fcr die INFOS<\/a> und die <a href=\"http:\/\/blog.familie-heming.de\/wp-content\/uploads\/2009\/09\/2009-09-22_Informatische_Bildung_mit_Mobiltelefonen.pdf\">Pr\u00e4sentationsfolien<\/a> zum Download angeboten.<\/p>\n<p>Zur Zitation des Forschungsberichtes in den <a href=\"http:\/\/www.gi-ev.de\/service\/publikationen\/lni.html\">Lecture Notes in Informatics<\/a><em> <\/em>kann der entsprechende\u00a0<a href=\"http:\/\/blog.familie-heming.de\/wp-content\/uploads\/2009\/09\/HemingINFOS2009.bib\">BibTeX-Record<\/a> verwendet werden.<\/p>\n","protected":false},"excerpt":{"rendered":"<p>Im Rahmen des Master of Education stand die Durchf\u00fchrung eines Forschungsprojektes in der Pr\u00fcfungsordnung. Dies erm\u00f6glichte es mir, in das Thema der Nutzung von Mobiltelefonen im Informatikunterricht etwas direkter einzusteigen. Eine erste Version meines Forschungsberichtes kommentierte mein Betreuer Herr Humbert: &hellip; <a href=\"https:\/\/blog.familie-heming.de\/?p=93\">Weiterlesen <span class=\"meta-nav\">&rarr;<\/span><\/a><\/p>\n","protected":false},"author":1,"featured_media":0,"comment_status":"closed","ping_status":"closed","sticky":false,"template":"","format":"standard","meta":[],"categories":[5,10,9],"tags":[],"_links":{"self":[{"href":"https:\/\/blog.familie-heming.de\/index.php?rest_route=\/wp\/v2\/posts\/93"}],"collection":[{"href":"https:\/\/blog.familie-heming.de\/index.php?rest_route=\/wp\/v2\/posts"}],"about":[{"href":"https:\/\/blog.familie-heming.de\/index.php?rest_route=\/wp\/v2\/types\/post"}],"author":[{"embeddable":true,"href":"https:\/\/blog.familie-heming.de\/index.php?rest_route=\/wp\/v2\/users\/1"}],"replies":[{"embeddable":true,"href":"https:\/\/blog.familie-heming.de\/index.php?rest_route=%2Fwp%2Fv2%2Fcomments&post=93"}],"version-history":[{"count":11,"href":"https:\/\/blog.familie-heming.de\/index.php?rest_route=\/wp\/v2\/posts\/93\/revisions"}],"predecessor-version":[{"id":180,"href":"https:\/\/blog.familie-heming.de\/index.php?rest_route=\/wp\/v2\/posts\/93\/revisions\/180"}],"wp:attachment":[{"href":"https:\/\/blog.familie-heming.de\/index.php?rest_route=%2Fwp%2Fv2%2Fmedia&parent=93"}],"wp:term":[{"taxonomy":"category","embeddable":true,"href":"https:\/\/blog.familie-heming.de\/index.php?rest_route=%2Fwp%2Fv2%2Fcategories&post=93"},{"taxonomy":"post_tag","embeddable":true,"href":"https:\/\/blog.familie-heming.de\/index.php?rest_route=%2Fwp%2Fv2%2Ftags&post=93"}],"curies":[{"name":"wp","href":"https:\/\/api.w.org\/{rel}","templated":true}]}}